{
    "title": "Volkswagen de M\u00e9xico anuncia el nombramiento de Stephan Meier como Vicepresidente Ejecutivo de Recursos Humanos y Organizaci\u00f3n",
    "modified_at": "2026-04-27 08:00:02",
    "published_at": "2026-04-27 08:00:00",
    "url": "https://volkswagen-de-mexico-corporativo.another.co/volkswagen-de-mexico-anuncia-el-nombramiento-de-stephan-meier-como-vicepresidente-ejecutivo-de-recursos-humanos-y-organizacion",
    "short_url": "http://prez.ly/yGDd",
    "culture": "es_419",
    "language": "ES",
    "slug": "volkswagen-de-mexico-anuncia-el-nombramiento-de-stephan-meier-como-vicepresidente-ejecutivo-de-recursos-humanos-y-organizacion",
    "body": "<p style=\"text-align: justify\"><strong>Puebla, Pue., 27 de abril de 2026. \u200b Stephan Meier asumir&aacute;, a partir de este mes, la Vicepresidencia Ejecutiva de Recursos Humanos y Organizaci&oacute;n de Volkswagen de M&eacute;xico, integr&aacute;ndose tambi&eacute;n al Consejo de la compa&ntilde;&iacute;a en el pa&iacute;s.</strong></p><p style=\"text-align: justify\">Con m&aacute;s de 27 a&ntilde;os de trayectoria internacional dentro del Grupo Volkswagen, Stephan Meier cuenta con una s&oacute;lida experiencia en Recursos Humanos, con enfoque en operaciones, desarrollo organizacional, estrategia de talento y transformaci&oacute;n empresarial. Previo a esta asignaci&oacute;n en Volkswagen de M&eacute;xico, se desempe&ntilde;&oacute; como Vicepresidente senior de Recursos Humanos y Top Management en MAN Truck &amp; Bus SE, donde lider&oacute; iniciativas en planeaci&oacute;n de la fuerza laboral, anal&iacute;tica de talento, innovaci&oacute;n en recursos humanos y modelos de compensaci&oacute;n.</p><p style=\"text-align: justify\">A lo largo de su carrera, ha ocupado diversas posiciones de liderazgo en Audi AG, tanto en Alemania como en China, con &eacute;nfasis en asignaciones globales, diversidad e inclusi&oacute;n, desarrollo organizacional y gesti&oacute;n del talento a nivel internacional. </p><blockquote style=\"text-align: justify\">&ldquo;<em>La incorporaci&oacute;n de Stephan Meier a nuestro Consejo Ejecutivo representa un paso estrat&eacute;gico para Volkswagen de M&eacute;xico. Estamos convencidos de que su liderazgo contribuir&aacute; a consolidar una organizaci&oacute;n m&aacute;s &aacute;gil, inclusiva y preparada para el futuro</em>&rdquo; menciona <strong>Holger Nestler, presidente y CEO de </strong><a href=\"https://volkswagen-de-mexico-corporativo.another.co/\" target=\"_blank\" rel=\"noreferrer noopener\"><strong>Volkswagen de M&eacute;xico.</strong></a></blockquote><p style=\"text-align: justify\">En su nuevo rol, Stephan Meier ser&aacute; responsable de &aacute;reas estrat&eacute;gicas como operaciones de Recursos Humanos, relaciones laborales, desarrollo organizacional, seguridad laboral, compensaci&oacute;n y gesti&oacute;n del talento, incluyendo la planta de motores en Guanajuato, y las filiales Volkswagen Group Academy M&eacute;xico y Volkswagen Group Services M&eacute;xico. </p><p style=\"text-align: justify\">Su nombramiento refuerza el compromiso de Volkswagen de M&eacute;xico con el desarrollo del talento, la evoluci&oacute;n de su cultura organizacional y la consolidaci&oacute;n de pr&aacute;cticas de Recursos Humanos alineadas a los desaf&iacute;os globales de la industria automotriz.</p><a href='https://cdn.uc.assets.prezly.com/03539632-19fa-4d74-83f0-8e56a38bbb5c/-/inline/no/vwmabr2026mediaalertstephan-meierv2.pdf' class='release-content-attachment' id='attachment-03539632-19fa-4d74-83f0-8e56a38bbb5c' data-type='attachment' data-track='Story File Download' data-placement='content' data-id='03539632-19fa-4d74-83f0-8e56a38bbb5c'>\n    <span class='release-content-attachment__icon'>\n        <svg class=\"icon icon-download\">\n                <use xlink:href=\"#icon-download\"></use>\n            </svg>\n    </span>\n    <span class='release-content-attachment__details'>\n        <strong class='release-content-attachment__title'>VWM_ABR2026_MediaAlert_Stephan Meier_V2.pdf</strong>\n        <em class='release-content-attachment__subtitle'>316 KB</em>\n    </span>\n</a><a href='https://cdn.uc.assets.prezly.com/b122b2da-f8c2-4b89-aeb9-d3ad73d11456/-/inline/no/vwmabr2026mediaalertstephan-meiervf.docx' class='release-content-attachment' id='attachment-b122b2da-f8c2-4b89-aeb9-d3ad73d11456' data-type='attachment' data-track='Story File Download' data-placement='content' data-id='b122b2da-f8c2-4b89-aeb9-d3ad73d11456'>\n    <span class='release-content-attachment__icon'>\n        <svg class=\"icon icon-download\">\n                <use xlink:href=\"#icon-download\"></use>\n            </svg>\n    </span>\n    <span class='release-content-attachment__details'>\n        <strong class='release-content-attachment__title'>VWM_ABR2026_MediaAlert_Stephan Meier_VF.docx</strong>\n        <em class='release-content-attachment__subtitle'>122 KB</em>\n    </span>\n</a><div class=\"release-content-contact\" id=\"contact-7accb431-aeb9-49c5-a0aa-5043c229e45b\">\n    \n    <div class=\"release-content-contact__details\">\n        <strong class=\"release-content-contact__name\">Ren&eacute; Salda&ntilde;a Cort&eacute;s</strong>\n        <em class=\"release-content-contact__description\">Comunicaci&oacute;n Externa | Direcci&oacute;n de Comunicaci&oacute;n Corporativa y Asuntos de Gobierno | Presidencia | Volkswagen de M&eacute;xico</em>\n        <ul class=\"release-content-contact__details-list\"><li class=\"release-content-contact__details-list-item\"><a href=\"mailto:rene1.saldana@vw.com.mx\"  class=\"release-content-contact__details-list-item-link\" title=\"rene1.saldana@vw.com.mx\"><svg class=\"icon icon-paper-plane release-content-contact__details-list-item-icon\">\n                <use xlink:href=\"#icon-paper-plane\"></use>\n            </svg>rene1.saldana@vw.com.mx</a></li></ul>\n    </div>\n</div><div class=\"release-content-contact\" id=\"contact-de6398c5-10a8-4434-839c-ada8160e6202\">\n    \n    <div class=\"release-content-contact__details\">\n        <strong class=\"release-content-contact__name\">Michelle De la Torre</strong>\n        <em class=\"release-content-contact__description\">Sr PR Expert, another</em>\n        <ul class=\"release-content-contact__details-list\"><li class=\"release-content-contact__details-list-item\"><a href=\"mailto:michelle.delatorre@another.co\"  class=\"release-content-contact__details-list-item-link\" title=\"michelle.delatorre@another.co\"><svg class=\"icon icon-paper-plane release-content-contact__details-list-item-icon\">\n                <use xlink:href=\"#icon-paper-plane\"></use>\n            </svg>michelle.delatorre@another.co</a></li>\n<li class=\"release-content-contact__details-list-item\"><a href=\"tel:55 4315 4847\"  class=\"release-content-contact__details-list-item-link\" title=\"55 4315 4847\"><svg class=\"icon icon-phone release-content-contact__details-list-item-icon\">\n                <use xlink:href=\"#icon-phone\"></use>\n            </svg>55 4315 4847</a></li>\n<li class=\"release-content-contact__details-list-item\"><a href=\"tel:CONTACTO EXCLUSIVO PARA MEDIOS DE COMUNICACI&Oacute;N / PRENSA\"  class=\"release-content-contact__details-list-item-link\" title=\"CONTACTO EXCLUSIVO PARA MEDIOS DE COMUNICACI&Oacute;N / PRENSA\"><svg class=\"icon icon-mobile release-content-contact__details-list-item-icon\">\n                <use xlink:href=\"#icon-mobile\"></use>\n            </svg>CONTACTO EXCLUSIVO PARA MEDIOS DE COMUNICACI&Oacute;N / PRENSA</a></li>\n<li class=\"release-content-contact__details-list-item\"><a href=\"https://another.co/\" target=\"_blank\" rel=\"noopener noreferrer\" class=\"release-content-contact__details-list-item-link\" title=\"another.co\"><svg class=\"icon icon-browser release-content-contact__details-list-item-icon\">\n                <use xlink:href=\"#icon-browser\"></use>\n            </svg>another.co</a></li></ul>\n    </div>\n</div>",
    "header": {
        "large": "https://cdn.uc.assets.prezly.com/e3d3aae3-dc2c-432f-8c13-8a6e35a08308/-/preview/1200x1200/-/format/auto/",
        "release": "https://cdn.uc.assets.prezly.com/e3d3aae3-dc2c-432f-8c13-8a6e35a08308/-/preview/1200x1200/-/format/auto/"
    },
    "attachments": [
        {
            "description": "",
            "extension": "pdf",
            "url": "https://cdn.uc.assets.prezly.com/03539632-19fa-4d74-83f0-8e56a38bbb5c/-/inline/no/vwmabr2026mediaalertstephan-meierv2.pdf"
        },
        {
            "description": "",
            "extension": "docx",
            "url": "https://cdn.uc.assets.prezly.com/b122b2da-f8c2-4b89-aeb9-d3ad73d11456/-/inline/no/vwmabr2026mediaalertstephan-meiervf.docx"
        }
    ],
    "contacts": [
        {
            "name": "Ren\u00e9 Salda\u00f1a Cort\u00e9s",
            "company": null,
            "description": "Comunicaci\u00f3n Externa | Direcci\u00f3n de Comunicaci\u00f3n Corporativa y Asuntos de Gobierno | Presidencia | Volkswagen de M\u00e9xico",
            "email": "rene1.saldana@vw.com.mx",
            "website": null,
            "address": null,
            "telephone": null,
            "mobile": null,
            "twitter": null,
            "facebook": null
        },
        {
            "name": "Michelle De la Torre",
            "company": "another",
            "description": "Sr PR Expert",
            "email": "michelle.delatorre@another.co",
            "website": "https://another.co/",
            "address": null,
            "telephone": "55 4315 4847",
            "mobile": "CONTACTO EXCLUSIVO PARA MEDIOS DE COMUNICACI\u00d3N / PRENSA",
            "twitter": null,
            "facebook": null
        }
    ],
    "author": {
        "first_name": "Rosario G.",
        "last_name": "Robiou Vivero"
    },
    "format_version": 5
}